{"id":8050,"date":"2026-03-04T09:48:56","date_gmt":"2026-03-04T08:48:56","guid":{"rendered":"https:\/\/www.akaflieg.vo.tum.de\/?p=8050"},"modified":"2026-03-04T10:01:28","modified_gmt":"2026-03-04T09:01:28","slug":"jhv-2026","status":"publish","type":"post","link":"https:\/\/www.akaflieg.vo.tum.de\/en\/jhv-2026\/","title":{"rendered":"2026 General Meeting: New Board of Directors"},"content":{"rendered":"<div style=\"height:var(--wp--preset--spacing--small)\" aria-hidden=\"true\" class=\"wp-block-spacer\"><\/div>\n\n\n\n<p>Auch dieses Jahr hat sich die Akaflieg M\u00fcnchen wieder zur Jahreshauptversammlung (JHV) im Neuwirt in Garching versammelt.<\/p>\n\n\n\n<p>Die Veranstaltung begann wie immer mit einem Update der jungen Gruppe zu den aktuellen Prototypen <a href=\"https:\/\/www.akaflieg.vo.tum.de\/en\/mue-31\/\" data-type=\"page\" data-id=\"1483\">M\u00fc\u00a031<\/a> (hier musste etwas neu konstruiert werden) und <a href=\"https:\/\/www.akaflieg.vo.tum.de\/en\/mue-32\/\" data-type=\"page\" data-id=\"1482\">M\u00fc\u00a032 project lead<\/a> (weiterhin im Bau). Au\u00dferdem gab es ein Update zu unserer <a href=\"https:\/\/www.akaflieg.vo.tum.de\/en\/mue-30\/\" data-type=\"page\" data-id=\"1484\">M\u00fc 30 \u201eSchlacro\u201c<\/a>, die derzeit aufgrund von Motorproblemen noch immer gegroundet ist. Der neue Motor kommt im April und dann steht nichts mehr im Weg sie zur\u00fcck in die Luft zu bringen.<\/p>\n\n\n\n<p>Dieses Jahr wurden zwei Junggruppler in die Altherrenschaft aufgenommen: Christian \u201eAlpina\u201c G\u00f6ppner und Florian \u201eStaller\u201c Kloiber. Wir freuen uns, dass sie uns weiterhin als Freunde und Unterst\u00fctzer erhalten bleiben.<\/p>\n\n\n\n<p>Der Gewinner des diesj\u00e4hrigen <em>Toni-Tr\u00f6ger-Ged\u00e4chtnispreises<\/em> ist \u201eBischof\u201c, verliehen f\u00fcr seinen <a href=\"https:\/\/www.weglide.org\/flight\/598621\">Flug zum Matterhorn<\/a> mit einer ASW 22. Dieser Preis erh\u00e4lt jedes Jahr der\/die Junggruppler\/-in mit dem sch\u00f6nsten (und meist l\u00e4ngsten) Flug in einem Segelflugzeug.<\/p>\n\n\n\n<p>Wir freuen uns auch, dass unser langj\u00e4hriger Fluglehrer und Alter Herr \u201eKerzinger\u201c die Ehrennadel des LVB f\u00fcr sein Engagement in der Akaflieg erhielt. Er bekam eine Urkunde und goldene Ehrennadel zum Dank f\u00fcr 50 Jahre Fluglehrert\u00e4tigkeit.<\/p>\n\n\n\n<figure class=\"wp-block-image size-full\"><img data-recalc-dims=\"1\" fetchpriority=\"high\" decoding=\"async\" width=\"950\" height=\"633\" data-attachment-id=\"8063\" data-permalink=\"https:\/\/www.akaflieg.vo.tum.de\/en\/jhv-2026\/img_3908\/\" data-orig-file=\"https:\/\/i0.wp.com\/www.akaflieg.vo.tum.de\/wp-content\/uploads\/2026\/02\/IMG_3908-scaled.jpg?fit=2560%2C1707&amp;ssl=1\" data-orig-size=\"2560,1707\" data-comments-opened=\"1\" data-image-meta=\"{&quot;aperture&quot;:&quot;3.5&quot;,&quot;credit&quot;:&quot;&quot;,&quot;camera&quot;:&quot;Canon EOS 700D&quot;,&quot;caption&quot;:&quot;&quot;,&quot;created_timestamp&quot;:&quot;0&quot;,&quot;copyright&quot;:&quot;&quot;,&quot;focal_length&quot;:&quot;18&quot;,&quot;iso&quot;:&quot;2500&quot;,&quot;shutter_speed&quot;:&quot;0.033333333333333&quot;,&quot;title&quot;:&quot;&quot;,&quot;orientation&quot;:&quot;1&quot;}\" data-image-title=\"IMG_3908\" data-image-description=\"\" data-image-caption=\"\" data-large-file=\"https:\/\/i0.wp.com\/www.akaflieg.vo.tum.de\/wp-content\/uploads\/2026\/02\/IMG_3908-scaled.jpg?fit=950%2C634&amp;ssl=1\" src=\"https:\/\/i0.wp.com\/www.akaflieg.vo.tum.de\/wp-content\/uploads\/2026\/02\/IMG_3908-scaled.jpg?resize=950%2C633&#038;ssl=1\" alt=\"Ehrung von Kerzinger f\u00fcr 50 Jahre Fluglehrert\u00e4tigkeit\" class=\"wp-image-8063\" style=\"object-fit:cover\" srcset=\"https:\/\/i0.wp.com\/www.akaflieg.vo.tum.de\/wp-content\/uploads\/2026\/02\/IMG_3908-scaled.jpg?w=2560&amp;ssl=1 2560w, https:\/\/i0.wp.com\/www.akaflieg.vo.tum.de\/wp-content\/uploads\/2026\/02\/IMG_3908-scaled.jpg?resize=300%2C200&amp;ssl=1 300w, https:\/\/i0.wp.com\/www.akaflieg.vo.tum.de\/wp-content\/uploads\/2026\/02\/IMG_3908-scaled.jpg?resize=1024%2C683&amp;ssl=1 1024w, https:\/\/i0.wp.com\/www.akaflieg.vo.tum.de\/wp-content\/uploads\/2026\/02\/IMG_3908-scaled.jpg?resize=2000%2C1333&amp;ssl=1 2000w, https:\/\/i0.wp.com\/www.akaflieg.vo.tum.de\/wp-content\/uploads\/2026\/02\/IMG_3908-scaled.jpg?resize=18%2C12&amp;ssl=1 18w, https:\/\/i0.wp.com\/www.akaflieg.vo.tum.de\/wp-content\/uploads\/2026\/02\/IMG_3908-scaled.jpg?w=1900&amp;ssl=1 1900w\" sizes=\"(max-width: 950px) 100vw, 950px\" \/><\/figure>\n\n\n\n<p>Dieses Jahr gab es eine Neuerung im Vorstand. Unser langj\u00e4hriger erster Vorstand Prof. Dr. Drechsler verabschiedet sich in den baldigen Ruhestand und ist daher dieses Jahr nicht mehr als Vorstand angetreten. Wir danken ihm f\u00fcr die vielen Jahre voller Unterst\u00fctzung. Gleichzeitig hei\u00dfen wir unseren neuen Vorstand Prof. Dr. Daoud (Lehrstuhl f\u00fcr Strukturauslegung in der Luft- und Raumfahrt) herzlich in der Akaflieg wollkommen und freuen uns auf viele gemeinsame Projekte und Events.<\/p>\n\n\n\n<p>Auch unsere Gesch\u00e4ftsf\u00fchrung hat einen Wechsel durchlebt. Jan \u201eQuassel\u201c Pieper gab sein Zepter nun auch offiziell an Olivia \u201eHelene\u201c Stark ab.<\/p>\n\n\n\n<ul class=\"wp-block-list\">\n<li>1st Executive Board: Prof. Dr. Ferna\u00df Daoud<\/li>\n\n\n\n<li>2. Vorstand: Dirk \u201eD2\u201c Weisel<\/li>\n\n\n\n<li>Gesch\u00e4ftsf\u00fchrer: Olivia \u201eHelene\u201c Stark<\/li>\n<\/ul>\n\n\n\n<figure class=\"wp-block-image size-full\"><img data-recalc-dims=\"1\" decoding=\"async\" width=\"950\" height=\"1188\" data-attachment-id=\"8065\" data-permalink=\"https:\/\/www.akaflieg.vo.tum.de\/en\/jhv-2026\/whatsapp-image-2026-02-26-at-19-41-43\/\" data-orig-file=\"https:\/\/i0.wp.com\/www.akaflieg.vo.tum.de\/wp-content\/uploads\/2026\/03\/WhatsApp-Image-2026-02-26-at-19.41.43.jpeg?fit=1279%2C1600&amp;ssl=1\" data-orig-size=\"1279,1600\" data-comments-opened=\"1\" data-image-meta=\"{&quot;aperture&quot;:&quot;0&quot;,&quot;credit&quot;:&quot;&quot;,&quot;camera&quot;:&quot;&quot;,&quot;caption&quot;:&quot;&quot;,&quot;created_timestamp&quot;:&quot;0&quot;,&quot;copyright&quot;:&quot;&quot;,&quot;focal_length&quot;:&quot;0&quot;,&quot;iso&quot;:&quot;0&quot;,&quot;shutter_speed&quot;:&quot;0&quot;,&quot;title&quot;:&quot;&quot;,&quot;orientation&quot;:&quot;0&quot;}\" data-image-title=\"WhatsApp Image 2026-02-26 at 19.41.43\" data-image-description=\"\" data-image-caption=\"\" data-large-file=\"https:\/\/i0.wp.com\/www.akaflieg.vo.tum.de\/wp-content\/uploads\/2026\/03\/WhatsApp-Image-2026-02-26-at-19.41.43.jpeg?fit=819%2C1024&amp;ssl=1\" src=\"https:\/\/i0.wp.com\/www.akaflieg.vo.tum.de\/wp-content\/uploads\/2026\/03\/WhatsApp-Image-2026-02-26-at-19.41.43.jpeg?resize=950%2C1188&#038;ssl=1\" alt=\"\" class=\"wp-image-8065\" style=\"object-fit:cover\" srcset=\"https:\/\/i0.wp.com\/www.akaflieg.vo.tum.de\/wp-content\/uploads\/2026\/03\/WhatsApp-Image-2026-02-26-at-19.41.43.jpeg?w=1279&amp;ssl=1 1279w, https:\/\/i0.wp.com\/www.akaflieg.vo.tum.de\/wp-content\/uploads\/2026\/03\/WhatsApp-Image-2026-02-26-at-19.41.43.jpeg?resize=240%2C300&amp;ssl=1 240w, https:\/\/i0.wp.com\/www.akaflieg.vo.tum.de\/wp-content\/uploads\/2026\/03\/WhatsApp-Image-2026-02-26-at-19.41.43.jpeg?resize=819%2C1024&amp;ssl=1 819w, https:\/\/i0.wp.com\/www.akaflieg.vo.tum.de\/wp-content\/uploads\/2026\/03\/WhatsApp-Image-2026-02-26-at-19.41.43.jpeg?resize=10%2C12&amp;ssl=1 10w\" sizes=\"(max-width: 950px) 100vw, 950px\" \/><figcaption class=\"wp-element-caption\">Alter und neuer Vorstand<\/figcaption><\/figure>\n\n\n\n<p>Wir gratulieren zur Wahl und w\u00fcnschen viel Erfolg!<\/p>\n\n\n\n<p><\/p>","protected":false},"excerpt":{"rendered":"<p>Auch dieses Jahr hat sich die Akaflieg M\u00fcnchen wieder zur Jahreshauptversammlung (JHV) im Neuwirt in Garching versammelt. Die Veranstaltung begann wie immer mit einem Update der jungen Gruppe zu den aktuellen Prototypen M\u00fc 31 (hier musste etwas neu konstruiert werden) und M\u00fc 32 (weiterhin im Bau). Au\u00dferdem gab es ein Update zu unserer M\u00fc 30 &hellip; <\/p>\n<p class=\"link-more\"><a href=\"https:\/\/www.akaflieg.vo.tum.de\/en\/jhv-2026\/\" class=\"more-link\">Read more<span class=\"screen-reader-text\"> &#8222;JHV 2026: Neuer Vorstand f\u00fcr die Akaflieg&#8220;<\/span><\/a><\/p>","protected":false},"author":60,"featured_media":8062,"comment_status":"open","ping_status":"open","sticky":false,"template":"","format":"standard","meta":{"_jetpack_memberships_contains_paid_content":false,"footnotes":""},"categories":[30,78],"tags":[],"class_list":["post-8050","post","type-post","status-publish","format-standard","has-post-thumbnail","hentry","category-allgemein","category-organisation"],"jetpack_featured_media_url":"https:\/\/i0.wp.com\/www.akaflieg.vo.tum.de\/wp-content\/uploads\/2026\/02\/IMG_3881-scaled.jpg?fit=2560%2C1707&ssl=1","jetpack_sharing_enabled":true,"featured_media_urls":{"thumbnail":["https:\/\/i0.wp.com\/www.akaflieg.vo.tum.de\/wp-content\/uploads\/2026\/02\/IMG_3881-scaled.jpg?resize=150%2C150&ssl=1",150,150,true],"medium":["https:\/\/i0.wp.com\/www.akaflieg.vo.tum.de\/wp-content\/uploads\/2026\/02\/IMG_3881-scaled.jpg?fit=300%2C200&ssl=1",300,200,true],"medium_large":["https:\/\/i0.wp.com\/www.akaflieg.vo.tum.de\/wp-content\/uploads\/2026\/02\/IMG_3881-scaled.jpg?fit=768%2C512&ssl=1",768,512,true],"large":["https:\/\/i0.wp.com\/www.akaflieg.vo.tum.de\/wp-content\/uploads\/2026\/02\/IMG_3881-scaled.jpg?fit=950%2C634&ssl=1",950,634,true],"1536x1536":["https:\/\/i0.wp.com\/www.akaflieg.vo.tum.de\/wp-content\/uploads\/2026\/02\/IMG_3881-scaled.jpg?fit=1536%2C1024&ssl=1",1536,1024,true],"2048x2048":["https:\/\/i0.wp.com\/www.akaflieg.vo.tum.de\/wp-content\/uploads\/2026\/02\/IMG_3881-scaled.jpg?fit=2048%2C1366&ssl=1",2048,1366,true],"trp-custom-language-flag":["https:\/\/i0.wp.com\/www.akaflieg.vo.tum.de\/wp-content\/uploads\/2026\/02\/IMG_3881-scaled.jpg?fit=18%2C12&ssl=1",18,12,true],"inspiro-featured-image":["https:\/\/i0.wp.com\/www.akaflieg.vo.tum.de\/wp-content\/uploads\/2026\/02\/IMG_3881-scaled.jpg?fit=2000%2C1333&ssl=1",2000,1333,true],"inspiro-loop":["https:\/\/i0.wp.com\/www.akaflieg.vo.tum.de\/wp-content\/uploads\/2026\/02\/IMG_3881-scaled.jpg?resize=950%2C320&ssl=1",950,320,true],"inspiro-loop@2x":["https:\/\/i0.wp.com\/www.akaflieg.vo.tum.de\/wp-content\/uploads\/2026\/02\/IMG_3881-scaled.jpg?resize=1900%2C640&ssl=1",1900,640,true],"portfolio_item-thumbnail":["https:\/\/i0.wp.com\/www.akaflieg.vo.tum.de\/wp-content\/uploads\/2026\/02\/IMG_3881-scaled.jpg?resize=600%2C400&ssl=1",600,400,true],"portfolio_item-thumbnail@2x":["https:\/\/i0.wp.com\/www.akaflieg.vo.tum.de\/wp-content\/uploads\/2026\/02\/IMG_3881-scaled.jpg?resize=1200%2C800&ssl=1",1200,800,true],"portfolio_item-masonry":["https:\/\/i0.wp.com\/www.akaflieg.vo.tum.de\/wp-content\/uploads\/2026\/02\/IMG_3881-scaled.jpg?fit=600%2C400&ssl=1",600,400,true],"portfolio_item-masonry@2x":["https:\/\/i0.wp.com\/www.akaflieg.vo.tum.de\/wp-content\/uploads\/2026\/02\/IMG_3881-scaled.jpg?fit=1200%2C800&ssl=1",1200,800,true],"portfolio_item-thumbnail_cinema":["https:\/\/i0.wp.com\/www.akaflieg.vo.tum.de\/wp-content\/uploads\/2026\/02\/IMG_3881-scaled.jpg?resize=800%2C335&ssl=1",800,335,true],"portfolio_item-thumbnail_portrait":["https:\/\/i0.wp.com\/www.akaflieg.vo.tum.de\/wp-content\/uploads\/2026\/02\/IMG_3881-scaled.jpg?resize=600%2C900&ssl=1",600,900,true],"portfolio_item-thumbnail_portrait@2x":["https:\/\/i0.wp.com\/www.akaflieg.vo.tum.de\/wp-content\/uploads\/2026\/02\/IMG_3881-scaled.jpg?resize=1200%2C1707&ssl=1",1200,1707,true],"portfolio_item-thumbnail_square":["https:\/\/i0.wp.com\/www.akaflieg.vo.tum.de\/wp-content\/uploads\/2026\/02\/IMG_3881-scaled.jpg?resize=800%2C800&ssl=1",800,800,true]},"_links":{"self":[{"href":"https:\/\/www.akaflieg.vo.tum.de\/en\/wp-json\/wp\/v2\/posts\/8050","targetHints":{"allow":["GET"]}}],"collection":[{"href":"https:\/\/www.akaflieg.vo.tum.de\/en\/wp-json\/wp\/v2\/posts"}],"about":[{"href":"https:\/\/www.akaflieg.vo.tum.de\/en\/wp-json\/wp\/v2\/types\/post"}],"author":[{"embeddable":true,"href":"https:\/\/www.akaflieg.vo.tum.de\/en\/wp-json\/wp\/v2\/users\/60"}],"replies":[{"embeddable":true,"href":"https:\/\/www.akaflieg.vo.tum.de\/en\/wp-json\/wp\/v2\/comments?post=8050"}],"version-history":[{"count":4,"href":"https:\/\/www.akaflieg.vo.tum.de\/en\/wp-json\/wp\/v2\/posts\/8050\/revisions"}],"predecessor-version":[{"id":8075,"href":"https:\/\/www.akaflieg.vo.tum.de\/en\/wp-json\/wp\/v2\/posts\/8050\/revisions\/8075"}],"wp:featuredmedia":[{"embeddable":true,"href":"https:\/\/www.akaflieg.vo.tum.de\/en\/wp-json\/wp\/v2\/media\/8062"}],"wp:attachment":[{"href":"https:\/\/www.akaflieg.vo.tum.de\/en\/wp-json\/wp\/v2\/media?parent=8050"}],"wp:term":[{"taxonomy":"category","embeddable":true,"href":"https:\/\/www.akaflieg.vo.tum.de\/en\/wp-json\/wp\/v2\/categories?post=8050"},{"taxonomy":"post_tag","embeddable":true,"href":"https:\/\/www.akaflieg.vo.tum.de\/en\/wp-json\/wp\/v2\/tags?post=8050"}],"curies":[{"name":"wp","href":"https:\/\/api.w.org\/{rel}","templated":true}]}}