{"id":7759,"date":"2025-11-16T16:47:44","date_gmt":"2025-11-16T15:47:44","guid":{"rendered":"https:\/\/www.akaflieg.vo.tum.de\/?p=7759"},"modified":"2026-02-21T02:38:18","modified_gmt":"2026-02-21T01:38:18","slug":"wasserkopfwahl-2025","status":"publish","type":"post","link":"http:\/\/www.akaflieg.vo.tum.de\/de\/wasserkopfwahl-2025\/","title":{"rendered":"Wasserkopfwahl 2025"},"content":{"rendered":"\n<div style=\"height:var(--wp--preset--spacing--small)\" aria-hidden=\"true\" class=\"wp-block-spacer\"><\/div>\n\n\n\n<p>Ende Oktober stand wieder die Wahl eines neuen Wasserkopfes an. So nennen wir scherzhaft unsere F\u00fchrungsriege.<\/p>\n\n\n\n<p>Obwohl es f\u00fcr viele Positionen schon vor der Wahl deutliche Favoriten gab, war die Entscheidung f\u00fcr andere \u00c4mter nicht leicht. Nach vielen spannenden Wahlreden und einer Wahl, die bis zum Ende spannend blieb, k\u00f6nnen wir nun neue und alte Wasserk\u00f6pfe f\u00fcr das n\u00e4chste Jahr begr\u00fc\u00dfen. W\u00e4hrend sich die Inhaberinnen und Inhaber der \u00c4mter Winde, Kasse, Administrator, M\u00fc 30 und Presse \u00fcber ihre Wiederwahl freuen konnten, wurden auch viele neue Gesichter im Team begr\u00fc\u00dft.<\/p>\n\n\n\n<figure class=\"wp-block-image size-full is-resized\"><img data-recalc-dims=\"1\" fetchpriority=\"high\" decoding=\"async\" width=\"950\" height=\"534\" data-attachment-id=\"7778\" data-permalink=\"http:\/\/www.akaflieg.vo.tum.de\/de\/wasserkopfwahl-2025\/wasserkopf_2024_hintergrund\/\" data-orig-file=\"https:\/\/i0.wp.com\/www.akaflieg.vo.tum.de\/wp-content\/uploads\/2025\/11\/2025_wasserkopf_hintergrund_text-scaled.jpg?fit=2560%2C1440&amp;ssl=1\" data-orig-size=\"2560,1440\" data-comments-opened=\"1\" data-image-meta=\"{&quot;aperture&quot;:&quot;0&quot;,&quot;credit&quot;:&quot;&quot;,&quot;camera&quot;:&quot;&quot;,&quot;caption&quot;:&quot;&quot;,&quot;created_timestamp&quot;:&quot;1763292706&quot;,&quot;copyright&quot;:&quot;&quot;,&quot;focal_length&quot;:&quot;0&quot;,&quot;iso&quot;:&quot;0&quot;,&quot;shutter_speed&quot;:&quot;0&quot;,&quot;title&quot;:&quot;wasserkopf_2024_hintergrund&quot;,&quot;orientation&quot;:&quot;0&quot;}\" data-image-title=\"wasserkopf_2024_hintergrund\" data-image-description=\"\" data-image-caption=\"\" data-large-file=\"https:\/\/i0.wp.com\/www.akaflieg.vo.tum.de\/wp-content\/uploads\/2025\/11\/2025_wasserkopf_hintergrund_text-scaled.jpg?fit=950%2C534&amp;ssl=1\" src=\"https:\/\/i0.wp.com\/www.akaflieg.vo.tum.de\/wp-content\/uploads\/2025\/11\/2025_wasserkopf_hintergrund_text-scaled.jpg?resize=950%2C534&#038;ssl=1\" alt=\"\" class=\"wp-image-7778\" style=\"object-fit:cover;width:940px;height:auto\" srcset=\"https:\/\/i0.wp.com\/www.akaflieg.vo.tum.de\/wp-content\/uploads\/2025\/11\/2025_wasserkopf_hintergrund_text-scaled.jpg?w=2560&amp;ssl=1 2560w, https:\/\/i0.wp.com\/www.akaflieg.vo.tum.de\/wp-content\/uploads\/2025\/11\/2025_wasserkopf_hintergrund_text-scaled.jpg?resize=300%2C169&amp;ssl=1 300w, https:\/\/i0.wp.com\/www.akaflieg.vo.tum.de\/wp-content\/uploads\/2025\/11\/2025_wasserkopf_hintergrund_text-scaled.jpg?resize=1024%2C576&amp;ssl=1 1024w, https:\/\/i0.wp.com\/www.akaflieg.vo.tum.de\/wp-content\/uploads\/2025\/11\/2025_wasserkopf_hintergrund_text-scaled.jpg?resize=2000%2C1125&amp;ssl=1 2000w, https:\/\/i0.wp.com\/www.akaflieg.vo.tum.de\/wp-content\/uploads\/2025\/11\/2025_wasserkopf_hintergrund_text-scaled.jpg?resize=18%2C10&amp;ssl=1 18w, https:\/\/i0.wp.com\/www.akaflieg.vo.tum.de\/wp-content\/uploads\/2025\/11\/2025_wasserkopf_hintergrund_text-scaled.jpg?resize=1536%2C864&amp;ssl=1 1536w, https:\/\/i0.wp.com\/www.akaflieg.vo.tum.de\/wp-content\/uploads\/2025\/11\/2025_wasserkopf_hintergrund_text-scaled.jpg?resize=2048%2C1152&amp;ssl=1 2048w, https:\/\/i0.wp.com\/www.akaflieg.vo.tum.de\/wp-content\/uploads\/2025\/11\/2025_wasserkopf_hintergrund_text-scaled.jpg?resize=600%2C338&amp;ssl=1 600w, https:\/\/i0.wp.com\/www.akaflieg.vo.tum.de\/wp-content\/uploads\/2025\/11\/2025_wasserkopf_hintergrund_text-scaled.jpg?resize=1200%2C675&amp;ssl=1 1200w, https:\/\/i0.wp.com\/www.akaflieg.vo.tum.de\/wp-content\/uploads\/2025\/11\/2025_wasserkopf_hintergrund_text-scaled.jpg?w=1900&amp;ssl=1 1900w\" sizes=\"(max-width: 950px) 100vw, 950px\" \/><\/figure>\n\n\n\n<p>Von links nach rechts:<\/p>\n\n\n\n<p><strong>Administrator:<\/strong> Simeon \u201eSpanner\u201c Schmau\u00df<br><strong>Presse:<\/strong> Mathias \u201eDarm\u201c Bacher<br><strong>Kasse:<\/strong> Stefanie \u201ePfeffi\u201c Henkies<br><strong>M\u00fc 32:<\/strong> Florentin \u201ePutzi\u201c Wilke<br><strong>Werkstatt<\/strong>: Jule \u201eSp\u00e4ti\u201c Niedermayer<br><strong>Winde und KFZ<\/strong>: Cedric \u201eFloppy\u201c Khazendar<br><strong>Chef<\/strong>: Olivia \u201eHelene\u201c Stark<br><strong>M\u00fc 31<\/strong>: Lukas \u201eHook\u201c Seelig<br><strong>M\u00fc 30 \u201eSchlacro\u201c<\/strong>: Tim \u201eG.\u201c Grassinger<br><strong>Schnorrfix<\/strong> (Einkauf\/Spenden): Leonard \u201eKermit\u201c Singer<br><strong>Flugbetrieb<\/strong>: Tom \u201eMeiner\u201c Degtjarik<\/p>\n\n\n\n<p>Mehr Informationen zu den einzelnen \u00c4mtern und den Personen dahinter gibt es auf der eigenen <a href=\"https:\/\/www.akaflieg.vo.tum.de\/wasserkopf\/\">\u00dcbersichtsseite<\/a>.<\/p>\n\n\n\n<p>Aufmerksamen Lesern ist vielleicht aufgefallen, dass das Windenamt um einen Begriff erweitert wurde. Das liegt daran, dass unsere Winde derzeit weniger Wartungsarbeiten ben\u00f6tigt. Der Windenb\u00fcffel wird somit zuk\u00fcnftig auch f\u00fcr unsere Anh\u00e4nger und unser selbst gebautes Cabrio am Flugplatz verantwortlich sein.<\/p>\n\n\n\n<p>Wir gratulieren den Gew\u00e4hlten und dr\u00fccken die Daumen f\u00fcr ein erfolgreiches Jahr 2026!<\/p>\n","protected":false},"excerpt":{"rendered":"<p>Ende Oktober stand wieder die Wahl eines neuen Wasserkopfes an. So nennen wir scherzhaft unsere F\u00fchrungsriege. Obwohl es f\u00fcr viele Positionen schon vor der Wahl deutliche Favoriten gab, war die Entscheidung f\u00fcr andere \u00c4mter nicht leicht. Nach vielen spannenden Wahlreden und einer Wahl, die bis zum Ende spannend blieb, k\u00f6nnen wir nun neue und alte &hellip; <\/p>\n<p class=\"link-more\"><a href=\"http:\/\/www.akaflieg.vo.tum.de\/de\/wasserkopfwahl-2025\/\" class=\"more-link\">Mehr <span class=\"screen-reader-text\">\u00fcber &#8222;Wasserkopfwahl 2025&#8220; <\/span>Lesen<\/a><\/p>\n","protected":false},"author":60,"featured_media":7922,"comment_status":"open","ping_status":"open","sticky":false,"template":"","format":"standard","meta":{"_jetpack_memberships_contains_paid_content":false,"footnotes":""},"categories":[30,3,78],"tags":[63,93,92,91],"class_list":["post-7759","post","type-post","status-publish","format-standard","has-post-thumbnail","hentry","category-allgemein","category-news","category-organisation","tag-akaflieg","tag-intern","tag-news","tag-organisation"],"jetpack_featured_media_url":"https:\/\/i0.wp.com\/www.akaflieg.vo.tum.de\/wp-content\/uploads\/2025\/11\/2025_wasserkopf_hintergrund-scaled.jpg?fit=2560%2C1440&ssl=1","jetpack_sharing_enabled":true,"featured_media_urls":{"thumbnail":["https:\/\/i0.wp.com\/www.akaflieg.vo.tum.de\/wp-content\/uploads\/2025\/11\/2025_wasserkopf_hintergrund-scaled.jpg?resize=150%2C150&ssl=1",150,150,true],"medium":["https:\/\/i0.wp.com\/www.akaflieg.vo.tum.de\/wp-content\/uploads\/2025\/11\/2025_wasserkopf_hintergrund-scaled.jpg?fit=300%2C169&ssl=1",300,169,true],"medium_large":["https:\/\/i0.wp.com\/www.akaflieg.vo.tum.de\/wp-content\/uploads\/2025\/11\/2025_wasserkopf_hintergrund-scaled.jpg?fit=768%2C432&ssl=1",768,432,true],"large":["https:\/\/i0.wp.com\/www.akaflieg.vo.tum.de\/wp-content\/uploads\/2025\/11\/2025_wasserkopf_hintergrund-scaled.jpg?fit=950%2C534&ssl=1",950,534,true],"1536x1536":["https:\/\/i0.wp.com\/www.akaflieg.vo.tum.de\/wp-content\/uploads\/2025\/11\/2025_wasserkopf_hintergrund-scaled.jpg?fit=1536%2C864&ssl=1",1536,864,true],"2048x2048":["https:\/\/i0.wp.com\/www.akaflieg.vo.tum.de\/wp-content\/uploads\/2025\/11\/2025_wasserkopf_hintergrund-scaled.jpg?fit=2048%2C1152&ssl=1",2048,1152,true],"trp-custom-language-flag":["https:\/\/i0.wp.com\/www.akaflieg.vo.tum.de\/wp-content\/uploads\/2025\/11\/2025_wasserkopf_hintergrund-scaled.jpg?fit=18%2C10&ssl=1",18,10,true],"inspiro-featured-image":["https:\/\/i0.wp.com\/www.akaflieg.vo.tum.de\/wp-content\/uploads\/2025\/11\/2025_wasserkopf_hintergrund-scaled.jpg?fit=2000%2C1125&ssl=1",2000,1125,true],"inspiro-loop":["https:\/\/i0.wp.com\/www.akaflieg.vo.tum.de\/wp-content\/uploads\/2025\/11\/2025_wasserkopf_hintergrund-scaled.jpg?resize=950%2C320&ssl=1",950,320,true],"inspiro-loop@2x":["https:\/\/i0.wp.com\/www.akaflieg.vo.tum.de\/wp-content\/uploads\/2025\/11\/2025_wasserkopf_hintergrund-scaled.jpg?resize=1900%2C640&ssl=1",1900,640,true],"portfolio_item-thumbnail":["https:\/\/i0.wp.com\/www.akaflieg.vo.tum.de\/wp-content\/uploads\/2025\/11\/2025_wasserkopf_hintergrund-scaled.jpg?resize=600%2C400&ssl=1",600,400,true],"portfolio_item-thumbnail@2x":["https:\/\/i0.wp.com\/www.akaflieg.vo.tum.de\/wp-content\/uploads\/2025\/11\/2025_wasserkopf_hintergrund-scaled.jpg?resize=1200%2C800&ssl=1",1200,800,true],"portfolio_item-masonry":["https:\/\/i0.wp.com\/www.akaflieg.vo.tum.de\/wp-content\/uploads\/2025\/11\/2025_wasserkopf_hintergrund-scaled.jpg?fit=600%2C338&ssl=1",600,338,true],"portfolio_item-masonry@2x":["https:\/\/i0.wp.com\/www.akaflieg.vo.tum.de\/wp-content\/uploads\/2025\/11\/2025_wasserkopf_hintergrund-scaled.jpg?fit=1200%2C675&ssl=1",1200,675,true],"portfolio_item-thumbnail_cinema":["https:\/\/i0.wp.com\/www.akaflieg.vo.tum.de\/wp-content\/uploads\/2025\/11\/2025_wasserkopf_hintergrund-scaled.jpg?resize=800%2C335&ssl=1",800,335,true],"portfolio_item-thumbnail_portrait":["https:\/\/i0.wp.com\/www.akaflieg.vo.tum.de\/wp-content\/uploads\/2025\/11\/2025_wasserkopf_hintergrund-scaled.jpg?resize=600%2C900&ssl=1",600,900,true],"portfolio_item-thumbnail_portrait@2x":["https:\/\/i0.wp.com\/www.akaflieg.vo.tum.de\/wp-content\/uploads\/2025\/11\/2025_wasserkopf_hintergrund-scaled.jpg?resize=1200%2C1440&ssl=1",1200,1440,true],"portfolio_item-thumbnail_square":["https:\/\/i0.wp.com\/www.akaflieg.vo.tum.de\/wp-content\/uploads\/2025\/11\/2025_wasserkopf_hintergrund-scaled.jpg?resize=800%2C800&ssl=1",800,800,true]},"_links":{"self":[{"href":"http:\/\/www.akaflieg.vo.tum.de\/de\/wp-json\/wp\/v2\/posts\/7759","targetHints":{"allow":["GET"]}}],"collection":[{"href":"http:\/\/www.akaflieg.vo.tum.de\/de\/wp-json\/wp\/v2\/posts"}],"about":[{"href":"http:\/\/www.akaflieg.vo.tum.de\/de\/wp-json\/wp\/v2\/types\/post"}],"author":[{"embeddable":true,"href":"http:\/\/www.akaflieg.vo.tum.de\/de\/wp-json\/wp\/v2\/users\/60"}],"replies":[{"embeddable":true,"href":"http:\/\/www.akaflieg.vo.tum.de\/de\/wp-json\/wp\/v2\/comments?post=7759"}],"version-history":[{"count":5,"href":"http:\/\/www.akaflieg.vo.tum.de\/de\/wp-json\/wp\/v2\/posts\/7759\/revisions"}],"predecessor-version":[{"id":8039,"href":"http:\/\/www.akaflieg.vo.tum.de\/de\/wp-json\/wp\/v2\/posts\/7759\/revisions\/8039"}],"wp:featuredmedia":[{"embeddable":true,"href":"http:\/\/www.akaflieg.vo.tum.de\/de\/wp-json\/wp\/v2\/media\/7922"}],"wp:attachment":[{"href":"http:\/\/www.akaflieg.vo.tum.de\/de\/wp-json\/wp\/v2\/media?parent=7759"}],"wp:term":[{"taxonomy":"category","embeddable":true,"href":"http:\/\/www.akaflieg.vo.tum.de\/de\/wp-json\/wp\/v2\/categories?post=7759"},{"taxonomy":"post_tag","embeddable":true,"href":"http:\/\/www.akaflieg.vo.tum.de\/de\/wp-json\/wp\/v2\/tags?post=7759"}],"curies":[{"name":"wp","href":"https:\/\/api.w.org\/{rel}","templated":true}]}}