{"id":5526,"date":"2023-11-19T21:41:16","date_gmt":"2023-11-19T20:41:16","guid":{"rendered":"https:\/\/www.akaflieg.vo.tum.de\/?p=5526"},"modified":"2024-10-19T12:11:42","modified_gmt":"2024-10-19T10:11:42","slug":"wasserkopfwahl-2023","status":"publish","type":"post","link":"http:\/\/www.akaflieg.vo.tum.de\/de\/wasserkopfwahl-2023\/","title":{"rendered":"Wasserkopfwahl 2023"},"content":{"rendered":"\n<p>Auch in diesem Jahr steht Ende Oktober wieder die Wahl eines neuen Wasserkopfes an. Erfreulicherweise haben sich einige junge Mitglieder erneut f\u00fcr ein weiteres Amtsjahr aufgestellt. Dar\u00fcber hinaus konnten wir auch einige neue Gesichter in unserem Team begr\u00fc\u00dfen. Wir gratulieren den Gew\u00e4hlten und freuen uns auf ein besonderes Jahr, in dem wir auch unser 100-j\u00e4hriges Jubil\u00e4um feiern werden!<\/p>\n\n\n\n<p><\/p>\n\n\n\n<figure class=\"wp-block-image size-large\"><img data-recalc-dims=\"1\" fetchpriority=\"high\" decoding=\"async\" width=\"950\" height=\"634\" data-attachment-id=\"5527\" data-permalink=\"http:\/\/www.akaflieg.vo.tum.de\/de\/wasserkopfwahl-2023\/dsf6866-verbessert-rr\/\" data-orig-file=\"https:\/\/i0.wp.com\/www.akaflieg.vo.tum.de\/wp-content\/uploads\/2023\/11\/DSF6866-Verbessert-RR-scaled.jpg?fit=2560%2C1707&amp;ssl=1\" data-orig-size=\"2560,1707\" data-comments-opened=\"1\" data-image-meta=\"{&quot;aperture&quot;:&quot;0&quot;,&quot;credit&quot;:&quot;&quot;,&quot;camera&quot;:&quot;&quot;,&quot;caption&quot;:&quot;&quot;,&quot;created_timestamp&quot;:&quot;0&quot;,&quot;copyright&quot;:&quot;&quot;,&quot;focal_length&quot;:&quot;0&quot;,&quot;iso&quot;:&quot;0&quot;,&quot;shutter_speed&quot;:&quot;0&quot;,&quot;title&quot;:&quot;&quot;,&quot;orientation&quot;:&quot;0&quot;}\" data-image-title=\"DSF6866-Verbessert-RR\" data-image-description=\"\" data-image-caption=\"\" data-large-file=\"https:\/\/i0.wp.com\/www.akaflieg.vo.tum.de\/wp-content\/uploads\/2023\/11\/DSF6866-Verbessert-RR-scaled.jpg?fit=950%2C634&amp;ssl=1\" src=\"https:\/\/i0.wp.com\/www.akaflieg.vo.tum.de\/wp-content\/uploads\/2023\/11\/DSF6866-Verbessert-RR.jpg?resize=950%2C634&#038;ssl=1\" alt=\"\" class=\"wp-image-5527\" srcset=\"https:\/\/i0.wp.com\/www.akaflieg.vo.tum.de\/wp-content\/uploads\/2023\/11\/DSF6866-Verbessert-RR-scaled.jpg?resize=1024%2C683&amp;ssl=1 1024w, https:\/\/i0.wp.com\/www.akaflieg.vo.tum.de\/wp-content\/uploads\/2023\/11\/DSF6866-Verbessert-RR-scaled.jpg?resize=300%2C200&amp;ssl=1 300w, https:\/\/i0.wp.com\/www.akaflieg.vo.tum.de\/wp-content\/uploads\/2023\/11\/DSF6866-Verbessert-RR-scaled.jpg?resize=768%2C512&amp;ssl=1 768w, https:\/\/i0.wp.com\/www.akaflieg.vo.tum.de\/wp-content\/uploads\/2023\/11\/DSF6866-Verbessert-RR-scaled.jpg?resize=1536%2C1024&amp;ssl=1 1536w, https:\/\/i0.wp.com\/www.akaflieg.vo.tum.de\/wp-content\/uploads\/2023\/11\/DSF6866-Verbessert-RR-scaled.jpg?resize=2048%2C1366&amp;ssl=1 2048w, https:\/\/i0.wp.com\/www.akaflieg.vo.tum.de\/wp-content\/uploads\/2023\/11\/DSF6866-Verbessert-RR-scaled.jpg?resize=18%2C12&amp;ssl=1 18w, https:\/\/i0.wp.com\/www.akaflieg.vo.tum.de\/wp-content\/uploads\/2023\/11\/DSF6866-Verbessert-RR-scaled.jpg?resize=2000%2C1334&amp;ssl=1 2000w, https:\/\/i0.wp.com\/www.akaflieg.vo.tum.de\/wp-content\/uploads\/2023\/11\/DSF6866-Verbessert-RR-scaled.jpg?resize=600%2C400&amp;ssl=1 600w, https:\/\/i0.wp.com\/www.akaflieg.vo.tum.de\/wp-content\/uploads\/2023\/11\/DSF6866-Verbessert-RR-scaled.jpg?w=1900&amp;ssl=1 1900w\" sizes=\"(max-width: 950px) 100vw, 950px\" \/><\/figure>\n\n\n\n<p>V.l.n.r:<\/p>\n\n\n\n<p><strong>M\u00fc 32: <\/strong>Joscha &#8222;Schnegge&#8220; L\u00f6we<\/p>\n\n\n\n<p><strong>Konstruktionsb\u00fcro: <\/strong>Clemens &#8222;L\u00f6lu&#8220; Lippmann<\/p>\n\n\n\n<p><strong>M\u00fc 31: <\/strong>Dominik &#8222;Dido&#8220; Hoffmann<\/p>\n\n\n\n<p><strong>Chef:<\/strong> Jan &#8222;Quassel&#8220; Pieper<\/p>\n\n\n\n<p><strong>Schnorrfix:<\/strong> Tim &#8222;G.&#8220; Grassinger<\/p>\n\n\n\n<p><strong>FBO:<\/strong> Marcel &#8222;Jim Knopf&#8220; Gundlich<\/p>\n\n\n\n<p><strong>Pressesprecher:<\/strong> Eirik &#8222;S\u00fcggel&#8220; Albretsen<\/p>\n\n\n\n<p><strong>Kasse:<\/strong> Stefanie &#8222;Pfeffi&#8220; Henkies<\/p>\n\n\n\n<p><strong>Administrator:<\/strong> Simeon &#8222;Spanner&#8220; Schmau\u00df<\/p>\n\n\n\n<p><strong>Werkstattleiterin:<\/strong> Asta &#8222;La Vista\u201c Apostolyuk<\/p>\n\n\n\n<p><strong>M\u00fc 30:<\/strong> Janne &#8222;Bischof&#8220; Weisel<\/p>\n\n\n\n<p><strong>Winde:<\/strong> Lukas &#8222;Ernst&#8220; Dr\u00f6se<\/p>\n","protected":false},"excerpt":{"rendered":"<p>Auch in diesem Jahr steht Ende Oktober wieder die Wahl eines neuen Wasserkopfes an. Erfreulicherweise haben sich einige junge Mitglieder erneut f\u00fcr ein weiteres Amtsjahr aufgestellt. Dar\u00fcber hinaus konnten wir auch einige neue Gesichter in unserem Team begr\u00fc\u00dfen. Wir gratulieren den Gew\u00e4hlten und freuen uns auf ein besonderes Jahr, in dem wir auch unser 100-j\u00e4hriges &hellip; <\/p>\n<p class=\"link-more\"><a href=\"http:\/\/www.akaflieg.vo.tum.de\/de\/wasserkopfwahl-2023\/\" class=\"more-link\">Mehr <span class=\"screen-reader-text\">\u00fcber &#8222;Wasserkopfwahl 2023&#8220; <\/span>Lesen<\/a><\/p>\n","protected":false},"author":51,"featured_media":5422,"comment_status":"open","ping_status":"open","sticky":false,"template":"","format":"standard","meta":{"_jetpack_memberships_contains_paid_content":false,"footnotes":""},"categories":[30],"tags":[],"class_list":["post-5526","post","type-post","status-publish","format-standard","has-post-thumbnail","hentry","category-allgemein"],"jetpack_featured_media_url":"https:\/\/i0.wp.com\/www.akaflieg.vo.tum.de\/wp-content\/uploads\/2023\/11\/DSF6866-Verbessert-RR-1-scaled-e1729332691125.jpg?fit=2560%2C1297&ssl=1","jetpack_sharing_enabled":true,"featured_media_urls":{"thumbnail":["https:\/\/i0.wp.com\/www.akaflieg.vo.tum.de\/wp-content\/uploads\/2023\/11\/DSF6866-Verbessert-RR-1-scaled-e1729332691125.jpg?resize=150%2C150&ssl=1",150,150,true],"medium":["https:\/\/i0.wp.com\/www.akaflieg.vo.tum.de\/wp-content\/uploads\/2023\/11\/DSF6866-Verbessert-RR-1-scaled-e1729332691125.jpg?fit=300%2C152&ssl=1",300,152,true],"medium_large":["https:\/\/i0.wp.com\/www.akaflieg.vo.tum.de\/wp-content\/uploads\/2023\/11\/DSF6866-Verbessert-RR-1-scaled-e1729332691125.jpg?fit=768%2C389&ssl=1",768,389,true],"large":["https:\/\/i0.wp.com\/www.akaflieg.vo.tum.de\/wp-content\/uploads\/2023\/11\/DSF6866-Verbessert-RR-1-scaled-e1729332691125.jpg?fit=950%2C481&ssl=1",950,481,true],"1536x1536":["https:\/\/i0.wp.com\/www.akaflieg.vo.tum.de\/wp-content\/uploads\/2023\/11\/DSF6866-Verbessert-RR-1-scaled-e1729332691125.jpg?fit=1536%2C778&ssl=1",1536,778,true],"2048x2048":["https:\/\/i0.wp.com\/www.akaflieg.vo.tum.de\/wp-content\/uploads\/2023\/11\/DSF6866-Verbessert-RR-1-scaled-e1729332691125.jpg?fit=2048%2C1038&ssl=1",2048,1038,true],"trp-custom-language-flag":["https:\/\/i0.wp.com\/www.akaflieg.vo.tum.de\/wp-content\/uploads\/2023\/11\/DSF6866-Verbessert-RR-1-scaled-e1729332691125.jpg?fit=18%2C9&ssl=1",18,9,true],"inspiro-featured-image":["https:\/\/i0.wp.com\/www.akaflieg.vo.tum.de\/wp-content\/uploads\/2023\/11\/DSF6866-Verbessert-RR-1-scaled-e1729332691125.jpg?fit=2000%2C1013&ssl=1",2000,1013,true],"inspiro-loop":["https:\/\/i0.wp.com\/www.akaflieg.vo.tum.de\/wp-content\/uploads\/2023\/11\/DSF6866-Verbessert-RR-1-scaled-e1729332691125.jpg?resize=950%2C320&ssl=1",950,320,true],"inspiro-loop@2x":["https:\/\/i0.wp.com\/www.akaflieg.vo.tum.de\/wp-content\/uploads\/2023\/11\/DSF6866-Verbessert-RR-1-scaled-e1729332691125.jpg?resize=1900%2C640&ssl=1",1900,640,true],"portfolio_item-thumbnail":["https:\/\/i0.wp.com\/www.akaflieg.vo.tum.de\/wp-content\/uploads\/2023\/11\/DSF6866-Verbessert-RR-1-scaled-e1729332691125.jpg?resize=600%2C400&ssl=1",600,400,true],"portfolio_item-thumbnail@2x":["https:\/\/i0.wp.com\/www.akaflieg.vo.tum.de\/wp-content\/uploads\/2023\/11\/DSF6866-Verbessert-RR-1-scaled-e1729332691125.jpg?resize=1200%2C800&ssl=1",1200,800,true],"portfolio_item-masonry":["https:\/\/i0.wp.com\/www.akaflieg.vo.tum.de\/wp-content\/uploads\/2023\/11\/DSF6866-Verbessert-RR-1-scaled-e1729332691125.jpg?fit=600%2C304&ssl=1",600,304,true],"portfolio_item-masonry@2x":["https:\/\/i0.wp.com\/www.akaflieg.vo.tum.de\/wp-content\/uploads\/2023\/11\/DSF6866-Verbessert-RR-1-scaled-e1729332691125.jpg?fit=1200%2C608&ssl=1",1200,608,true],"portfolio_item-thumbnail_cinema":["https:\/\/i0.wp.com\/www.akaflieg.vo.tum.de\/wp-content\/uploads\/2023\/11\/DSF6866-Verbessert-RR-1-scaled-e1729332691125.jpg?resize=800%2C335&ssl=1",800,335,true],"portfolio_item-thumbnail_portrait":["https:\/\/i0.wp.com\/www.akaflieg.vo.tum.de\/wp-content\/uploads\/2023\/11\/DSF6866-Verbessert-RR-1-scaled-e1729332691125.jpg?resize=600%2C900&ssl=1",600,900,true],"portfolio_item-thumbnail_portrait@2x":["https:\/\/i0.wp.com\/www.akaflieg.vo.tum.de\/wp-content\/uploads\/2023\/11\/DSF6866-Verbessert-RR-1-scaled-e1729332691125.jpg?resize=1200%2C1297&ssl=1",1200,1297,true],"portfolio_item-thumbnail_square":["https:\/\/i0.wp.com\/www.akaflieg.vo.tum.de\/wp-content\/uploads\/2023\/11\/DSF6866-Verbessert-RR-1-scaled-e1729332691125.jpg?resize=800%2C800&ssl=1",800,800,true]},"_links":{"self":[{"href":"http:\/\/www.akaflieg.vo.tum.de\/de\/wp-json\/wp\/v2\/posts\/5526","targetHints":{"allow":["GET"]}}],"collection":[{"href":"http:\/\/www.akaflieg.vo.tum.de\/de\/wp-json\/wp\/v2\/posts"}],"about":[{"href":"http:\/\/www.akaflieg.vo.tum.de\/de\/wp-json\/wp\/v2\/types\/post"}],"author":[{"embeddable":true,"href":"http:\/\/www.akaflieg.vo.tum.de\/de\/wp-json\/wp\/v2\/users\/51"}],"replies":[{"embeddable":true,"href":"http:\/\/www.akaflieg.vo.tum.de\/de\/wp-json\/wp\/v2\/comments?post=5526"}],"version-history":[{"count":2,"href":"http:\/\/www.akaflieg.vo.tum.de\/de\/wp-json\/wp\/v2\/posts\/5526\/revisions"}],"predecessor-version":[{"id":5529,"href":"http:\/\/www.akaflieg.vo.tum.de\/de\/wp-json\/wp\/v2\/posts\/5526\/revisions\/5529"}],"wp:featuredmedia":[{"embeddable":true,"href":"http:\/\/www.akaflieg.vo.tum.de\/de\/wp-json\/wp\/v2\/media\/5422"}],"wp:attachment":[{"href":"http:\/\/www.akaflieg.vo.tum.de\/de\/wp-json\/wp\/v2\/media?parent=5526"}],"wp:term":[{"taxonomy":"category","embeddable":true,"href":"http:\/\/www.akaflieg.vo.tum.de\/de\/wp-json\/wp\/v2\/categories?post=5526"},{"taxonomy":"post_tag","embeddable":true,"href":"http:\/\/www.akaflieg.vo.tum.de\/de\/wp-json\/wp\/v2\/tags?post=5526"}],"curies":[{"name":"wp","href":"https:\/\/api.w.org\/{rel}","templated":true}]}}