{"id":464,"date":"2011-09-19T21:26:37","date_gmt":"2011-09-19T19:26:37","guid":{"rendered":"http:\/\/www.akaflieg.vo.tum.de\/bugs\/2011\/09\/19\/mittelfluegel-holm-eingeklebt\/"},"modified":"2011-09-19T21:26:37","modified_gmt":"2011-09-19T19:26:37","slug":"mittelfluegel-holm-eingeklebt","status":"publish","type":"post","link":"http:\/\/www.akaflieg.vo.tum.de\/de\/mittelfluegel-holm-eingeklebt\/","title":{"rendered":"Mittelfl\u00fcgel &#8211; Holm eingeklebt"},"content":{"rendered":"<p>Diese Woche wurde der Holm des Mittelfl\u00fcgels in die Unterschale eingeklebt. Hier ein paar Bilder davon:<\/p>\n<p><img data-recalc-dims=\"1\" fetchpriority=\"high\" decoding=\"async\" data-attachment-id=\"463\" data-permalink=\"http:\/\/www.akaflieg.vo.tum.de\/de\/mittelfluegel-holm-eingeklebt\/attachment-homl3\/\" data-orig-file=\"https:\/\/i0.wp.com\/www.akaflieg.vo.tum.de\/wp-content\/uploads\/2011\/09\/homl3.jpg?fit=652%2C251&amp;ssl=1\" data-orig-size=\"652,251\" data-comments-opened=\"1\" data-image-meta=\"{&quot;aperture&quot;:&quot;3.3&quot;,&quot;credit&quot;:&quot;&quot;,&quot;camera&quot;:&quot;DMC-TZ8&quot;,&quot;caption&quot;:&quot;&quot;,&quot;created_timestamp&quot;:&quot;1314643200&quot;,&quot;copyright&quot;:&quot;&quot;,&quot;focal_length&quot;:&quot;4.1&quot;,&quot;iso&quot;:&quot;400&quot;,&quot;shutter_speed&quot;:&quot;0.033333333333333&quot;,&quot;title&quot;:&quot;&quot;,&quot;orientation&quot;:&quot;1&quot;}\" data-image-title=\"homl3\" data-image-description=\"\" data-image-caption=\"\" data-large-file=\"https:\/\/i0.wp.com\/www.akaflieg.vo.tum.de\/wp-content\/uploads\/2011\/09\/homl3.jpg?fit=652%2C251&amp;ssl=1\" class=\" size-full wp-image-463\" src=\"https:\/\/i0.wp.com\/www.akaflieg.vo.tum.de\/bugs\/wp-content\/uploads\/2011\/09\/homl3.jpg?resize=649%2C249\" border=\"0\" width=\"649\" height=\"249\" srcset=\"https:\/\/i0.wp.com\/www.akaflieg.vo.tum.de\/wp-content\/uploads\/2011\/09\/homl3.jpg?w=652&amp;ssl=1 652w, https:\/\/i0.wp.com\/www.akaflieg.vo.tum.de\/wp-content\/uploads\/2011\/09\/homl3.jpg?resize=300%2C115&amp;ssl=1 300w\" sizes=\"(max-width: 649px) 100vw, 649px\" \/><\/p>\n<p>Die n\u00e4chsten Wochen werden weitere Einbauteile wie Wurzel- und  Wasserrippen folgen. Der Bruchversuch ist f\u00fcr Oktober angesetzt &#8211; bis  dahin muss alles fertig sein.<\/p>\n","protected":false},"excerpt":{"rendered":"<p>Diese Woche wurde der Holm des Mittelfl\u00fcgels in die Unterschale eingeklebt. Hier ein paar Bilder davon: Die n\u00e4chsten Wochen werden weitere Einbauteile wie Wurzel- und Wasserrippen folgen. Der Bruchversuch ist f\u00fcr Oktober angesetzt &#8211; bis dahin muss alles fertig sein.<\/p>\n","protected":false},"author":1,"featured_media":0,"comment_status":"open","ping_status":"open","sticky":false,"template":"","format":"standard","meta":{"_jetpack_memberships_contains_paid_content":false,"footnotes":""},"categories":[5],"tags":[],"class_list":["post-464","post","type-post","status-publish","format-standard","hentry","category-mue-31-news"],"jetpack_featured_media_url":"","jetpack_sharing_enabled":true,"featured_media_urls":[],"_links":{"self":[{"href":"http:\/\/www.akaflieg.vo.tum.de\/de\/wp-json\/wp\/v2\/posts\/464","targetHints":{"allow":["GET"]}}],"collection":[{"href":"http:\/\/www.akaflieg.vo.tum.de\/de\/wp-json\/wp\/v2\/posts"}],"about":[{"href":"http:\/\/www.akaflieg.vo.tum.de\/de\/wp-json\/wp\/v2\/types\/post"}],"author":[{"embeddable":true,"href":"http:\/\/www.akaflieg.vo.tum.de\/de\/wp-json\/wp\/v2\/users\/1"}],"replies":[{"embeddable":true,"href":"http:\/\/www.akaflieg.vo.tum.de\/de\/wp-json\/wp\/v2\/comments?post=464"}],"version-history":[{"count":0,"href":"http:\/\/www.akaflieg.vo.tum.de\/de\/wp-json\/wp\/v2\/posts\/464\/revisions"}],"wp:attachment":[{"href":"http:\/\/www.akaflieg.vo.tum.de\/de\/wp-json\/wp\/v2\/media?parent=464"}],"wp:term":[{"taxonomy":"category","embeddable":true,"href":"http:\/\/www.akaflieg.vo.tum.de\/de\/wp-json\/wp\/v2\/categories?post=464"},{"taxonomy":"post_tag","embeddable":true,"href":"http:\/\/www.akaflieg.vo.tum.de\/de\/wp-json\/wp\/v2\/tags?post=464"}],"curies":[{"name":"wp","href":"https:\/\/api.w.org\/{rel}","templated":true}]}}