{"id":460,"date":"2011-09-19T16:13:40","date_gmt":"2011-09-19T14:13:40","guid":{"rendered":"http:\/\/www.akaflieg.vo.tum.de\/bugs\/2011\/09\/19\/laminieren-der-innenfluegel-unterschale\/"},"modified":"2011-09-19T16:13:40","modified_gmt":"2011-09-19T14:13:40","slug":"laminieren-der-innenfluegel-unterschale","status":"publish","type":"post","link":"http:\/\/www.akaflieg.vo.tum.de\/de\/laminieren-der-innenfluegel-unterschale\/","title":{"rendered":"Laminieren der Innenfl\u00fcgel Unterschale"},"content":{"rendered":"<p>Die Innenfl\u00fcgel Unterschale f\u00fcr den Bruchfl\u00fcgel wurde heute laminiert.<\/p>\n<p><img data-recalc-dims=\"1\" fetchpriority=\"high\" decoding=\"async\" data-attachment-id=\"459\" data-permalink=\"http:\/\/www.akaflieg.vo.tum.de\/de\/laminieren-der-innenfluegel-unterschale\/attachment-unterschale_show\/\" data-orig-file=\"https:\/\/i0.wp.com\/www.akaflieg.vo.tum.de\/wp-content\/uploads\/2011\/09\/unterschale_show.jpg?fit=650%2C250&amp;ssl=1\" data-orig-size=\"650,250\" data-comments-opened=\"1\" data-image-meta=\"{&quot;aperture&quot;:&quot;4&quot;,&quot;credit&quot;:&quot;&quot;,&quot;camera&quot;:&quot;Canon EOS 10D&quot;,&quot;caption&quot;:&quot;&quot;,&quot;created_timestamp&quot;:&quot;1307633712&quot;,&quot;copyright&quot;:&quot;&quot;,&quot;focal_length&quot;:&quot;18&quot;,&quot;iso&quot;:&quot;100&quot;,&quot;shutter_speed&quot;:&quot;0.016666666666667&quot;,&quot;title&quot;:&quot;&quot;,&quot;orientation&quot;:&quot;1&quot;}\" data-image-title=\"unterschale_show\" data-image-description=\"\" data-image-caption=\"\" data-large-file=\"https:\/\/i0.wp.com\/www.akaflieg.vo.tum.de\/wp-content\/uploads\/2011\/09\/unterschale_show.jpg?fit=650%2C250&amp;ssl=1\" class=\" size-full wp-image-459\" src=\"https:\/\/i0.wp.com\/www.akaflieg.vo.tum.de\/bugs\/wp-content\/uploads\/2011\/09\/unterschale_show.jpg?resize=500%2C192\" border=\"0\" width=\"500\" height=\"192\" srcset=\"https:\/\/i0.wp.com\/www.akaflieg.vo.tum.de\/wp-content\/uploads\/2011\/09\/unterschale_show.jpg?w=650&amp;ssl=1 650w, https:\/\/i0.wp.com\/www.akaflieg.vo.tum.de\/wp-content\/uploads\/2011\/09\/unterschale_show.jpg?resize=300%2C115&amp;ssl=1 300w\" sizes=\"(max-width: 500px) 100vw, 500px\" \/><\/p>\n","protected":false},"excerpt":{"rendered":"<p>Die Innenfl\u00fcgel Unterschale f\u00fcr den Bruchfl\u00fcgel wurde heute laminiert.<\/p>\n","protected":false},"author":1,"featured_media":0,"comment_status":"open","ping_status":"open","sticky":false,"template":"","format":"standard","meta":{"_jetpack_memberships_contains_paid_content":false,"footnotes":""},"categories":[5],"tags":[],"class_list":["post-460","post","type-post","status-publish","format-standard","hentry","category-mue-31-news"],"jetpack_featured_media_url":"","jetpack_sharing_enabled":true,"featured_media_urls":[],"_links":{"self":[{"href":"http:\/\/www.akaflieg.vo.tum.de\/de\/wp-json\/wp\/v2\/posts\/460","targetHints":{"allow":["GET"]}}],"collection":[{"href":"http:\/\/www.akaflieg.vo.tum.de\/de\/wp-json\/wp\/v2\/posts"}],"about":[{"href":"http:\/\/www.akaflieg.vo.tum.de\/de\/wp-json\/wp\/v2\/types\/post"}],"author":[{"embeddable":true,"href":"http:\/\/www.akaflieg.vo.tum.de\/de\/wp-json\/wp\/v2\/users\/1"}],"replies":[{"embeddable":true,"href":"http:\/\/www.akaflieg.vo.tum.de\/de\/wp-json\/wp\/v2\/comments?post=460"}],"version-history":[{"count":0,"href":"http:\/\/www.akaflieg.vo.tum.de\/de\/wp-json\/wp\/v2\/posts\/460\/revisions"}],"wp:attachment":[{"href":"http:\/\/www.akaflieg.vo.tum.de\/de\/wp-json\/wp\/v2\/media?parent=460"}],"wp:term":[{"taxonomy":"category","embeddable":true,"href":"http:\/\/www.akaflieg.vo.tum.de\/de\/wp-json\/wp\/v2\/categories?post=460"},{"taxonomy":"post_tag","embeddable":true,"href":"http:\/\/www.akaflieg.vo.tum.de\/de\/wp-json\/wp\/v2\/tags?post=460"}],"curies":[{"name":"wp","href":"https:\/\/api.w.org\/{rel}","templated":true}]}}