{"id":3874,"date":"2020-03-10T19:49:49","date_gmt":"2020-03-10T18:49:49","guid":{"rendered":"https:\/\/www.akaflieg.vo.tum.de\/?p=3874"},"modified":"2020-03-10T19:50:19","modified_gmt":"2020-03-10T18:50:19","slug":"3874-2","status":"publish","type":"post","link":"http:\/\/www.akaflieg.vo.tum.de\/de\/3874-2\/","title":{"rendered":"60 Jahre SFZ K\u00f6nigsdorf"},"content":{"rendered":"\n<p>\u00a0Das Segelflugzentrum K\u00f6nigsdorf &#8211; eine Erfolgsgeschichte seit nunmehr 60 Jahren.<\/p>\n\n\n\n<p>Der Winter meint es dieses Jahr mit den Piloten am Segelflugzentrum gut. W\u00e4hrend letztes Jahr um diese Zeit nicht nur die Segelflieger ihre Hallend\u00e4cher gerade erst von den immensen Schneemassen befreit hatten, konnten dieses Jahr am K\u00f6nigsdorfer Segelflugzentrum bereits einige Starts gemacht werden, wobei dabei wohl kaum einer der Piloten an die, f\u00fcr das Segelflugzentrum so wichtige Zeit vor genau 60 Jahren zur\u00fcck gedacht haben wird.<\/p>\n\n\n\n<p>Im Fr\u00fchjahr 1960 waren die langen Bem\u00fchungen der Geretsrieder Segelflieger endlich von Erfolg gekr\u00f6nt. Das Bayerischen Staatsministerium erteilte die Genehmigung f\u00fcr Windenstarts in K\u00f6nigsdorf. Im Herbst davor machten die Segelflieger um Fluglehrer Erhard Samper und Vorstand Fritz Kraatz nach mehrj\u00e4hriger Suche nach einem geeigneten Segelfluggel\u00e4ndes im Landkreis Wolfratshausen unter abenteuerlichen Bedingungen die ersten Probestarts auf den damals nassen Streuwiesen, einem Gel\u00e4nde, das heute als Segelflugzentrum K\u00f6nigsdorf weit \u00fcber die Grenzen Oberbayerns hinaus bekannt ist. Im Herbst 1959 wurde auch der Antrag auf Zulassung bei der Staatsregierung in M\u00fcnchen eingereicht. Erste Pachtvertr\u00e4ge mit Grundeigent\u00fcmern wurden abgeschlossen, umfangreiche Drainage- und Erdarbeiten in Angriff genommen.<\/p>\n\n\n\n<ul class=\"wp-block-gallery columns-3 is-cropped wp-block-gallery-1 is-layout-flex wp-block-gallery-is-layout-flex\"><li class=\"blocks-gallery-item\"><figure><img data-recalc-dims=\"1\" fetchpriority=\"high\" decoding=\"async\" width=\"950\" height=\"687\" data-attachment-id=\"3867\" data-permalink=\"http:\/\/www.akaflieg.vo.tum.de\/de\/bild-1\/\" data-orig-file=\"https:\/\/i0.wp.com\/www.akaflieg.vo.tum.de\/wp-content\/uploads\/2020\/03\/Bild-1.jpg?fit=1562%2C1130&amp;ssl=1\" data-orig-size=\"1562,1130\" data-comments-opened=\"1\" data-image-meta=\"{&quot;aperture&quot;:&quot;5.6&quot;,&quot;credit&quot;:&quot;&quot;,&quot;camera&quot;:&quot;Canon EOS 400D DIGITAL&quot;,&quot;caption&quot;:&quot;&quot;,&quot;created_timestamp&quot;:&quot;1203199963&quot;,&quot;copyright&quot;:&quot;&quot;,&quot;focal_length&quot;:&quot;50&quot;,&quot;iso&quot;:&quot;100&quot;,&quot;shutter_speed&quot;:&quot;0.000625&quot;,&quot;title&quot;:&quot;&quot;,&quot;orientation&quot;:&quot;1&quot;}\" data-image-title=\"Bild 1\" data-image-description=\"\" data-image-caption=\"&lt;p&gt;In m\u00fchseliger Handarbeit gingen die Segelflieger vor 60 Jahren daran, die Streuwiesen f\u00fcr ihre Zwecke nutzbar zu machen&lt;\/p&gt;\n\" data-large-file=\"https:\/\/i0.wp.com\/www.akaflieg.vo.tum.de\/wp-content\/uploads\/2020\/03\/Bild-1.jpg?fit=950%2C687&amp;ssl=1\" src=\"https:\/\/i0.wp.com\/www.akaflieg.vo.tum.de\/wp-content\/uploads\/2020\/03\/Bild-1.jpg?resize=950%2C687&#038;ssl=1\" alt=\"\" data-id=\"3867\" data-link=\"https:\/\/www.akaflieg.vo.tum.de\/bild-1\/\" class=\"wp-image-3867\" srcset=\"https:\/\/i0.wp.com\/www.akaflieg.vo.tum.de\/wp-content\/uploads\/2020\/03\/Bild-1.jpg?resize=1024%2C741&amp;ssl=1 1024w, https:\/\/i0.wp.com\/www.akaflieg.vo.tum.de\/wp-content\/uploads\/2020\/03\/Bild-1.jpg?resize=300%2C217&amp;ssl=1 300w, https:\/\/i0.wp.com\/www.akaflieg.vo.tum.de\/wp-content\/uploads\/2020\/03\/Bild-1.jpg?resize=768%2C556&amp;ssl=1 768w, https:\/\/i0.wp.com\/www.akaflieg.vo.tum.de\/wp-content\/uploads\/2020\/03\/Bild-1.jpg?resize=18%2C12&amp;ssl=1 18w, https:\/\/i0.wp.com\/www.akaflieg.vo.tum.de\/wp-content\/uploads\/2020\/03\/Bild-1.jpg?w=1562&amp;ssl=1 1562w\" sizes=\"(max-width: 950px) 100vw, 950px\" \/><figcaption>In m\u00fchseliger Handarbeit gingen die Segelflieger vor 60 Jahren daran, die Streuwiesen f\u00fcr ihre Zwecke nutzbar zu machen<\/figcaption><\/figure><\/li><li class=\"blocks-gallery-item\"><figure><img data-recalc-dims=\"1\" decoding=\"async\" width=\"950\" height=\"687\" data-attachment-id=\"3868\" data-permalink=\"http:\/\/www.akaflieg.vo.tum.de\/de\/bild-2\/\" data-orig-file=\"https:\/\/i0.wp.com\/www.akaflieg.vo.tum.de\/wp-content\/uploads\/2020\/03\/Bild-2.jpg?fit=1024%2C740&amp;ssl=1\" data-orig-size=\"1024,740\" data-comments-opened=\"1\" data-image-meta=\"{&quot;aperture&quot;:&quot;0&quot;,&quot;credit&quot;:&quot;&quot;,&quot;camera&quot;:&quot;&quot;,&quot;caption&quot;:&quot;&quot;,&quot;created_timestamp&quot;:&quot;0&quot;,&quot;copyright&quot;:&quot;&quot;,&quot;focal_length&quot;:&quot;0&quot;,&quot;iso&quot;:&quot;0&quot;,&quot;shutter_speed&quot;:&quot;0&quot;,&quot;title&quot;:&quot;&quot;,&quot;orientation&quot;:&quot;0&quot;}\" data-image-title=\"Bild 2\" data-image-description=\"\" data-image-caption=\"&lt;p&gt;In m\u00fchseliger Handarbeit gingen die Segelflieger vor 60 Jahren daran, die Streuwiesen f\u00fcr ihre Zwecke nutzbar zu machen&lt;\/p&gt;\n\" data-large-file=\"https:\/\/i0.wp.com\/www.akaflieg.vo.tum.de\/wp-content\/uploads\/2020\/03\/Bild-2.jpg?fit=950%2C687&amp;ssl=1\" src=\"https:\/\/i0.wp.com\/www.akaflieg.vo.tum.de\/wp-content\/uploads\/2020\/03\/Bild-2.jpg?resize=950%2C687&#038;ssl=1\" alt=\"\" data-id=\"3868\" data-link=\"https:\/\/www.akaflieg.vo.tum.de\/bild-2\/\" class=\"wp-image-3868\" srcset=\"https:\/\/i0.wp.com\/www.akaflieg.vo.tum.de\/wp-content\/uploads\/2020\/03\/Bild-2.jpg?w=1024&amp;ssl=1 1024w, https:\/\/i0.wp.com\/www.akaflieg.vo.tum.de\/wp-content\/uploads\/2020\/03\/Bild-2.jpg?resize=300%2C217&amp;ssl=1 300w, https:\/\/i0.wp.com\/www.akaflieg.vo.tum.de\/wp-content\/uploads\/2020\/03\/Bild-2.jpg?resize=768%2C555&amp;ssl=1 768w, https:\/\/i0.wp.com\/www.akaflieg.vo.tum.de\/wp-content\/uploads\/2020\/03\/Bild-2.jpg?resize=18%2C12&amp;ssl=1 18w\" sizes=\"(max-width: 950px) 100vw, 950px\" \/><figcaption>In m\u00fchseliger Handarbeit gingen die Segelflieger vor 60 Jahren daran, die Streuwiesen f\u00fcr ihre Zwecke nutzbar zu machen<\/figcaption><\/figure><\/li><li class=\"blocks-gallery-item\"><figure><img data-recalc-dims=\"1\" decoding=\"async\" width=\"950\" height=\"686\" data-attachment-id=\"3869\" data-permalink=\"http:\/\/www.akaflieg.vo.tum.de\/de\/bild-3\/\" data-orig-file=\"https:\/\/i0.wp.com\/www.akaflieg.vo.tum.de\/wp-content\/uploads\/2020\/03\/Bild-3.jpg?fit=1478%2C1066&amp;ssl=1\" data-orig-size=\"1478,1066\" data-comments-opened=\"1\" data-image-meta=\"{&quot;aperture&quot;:&quot;5.6&quot;,&quot;credit&quot;:&quot;&quot;,&quot;camera&quot;:&quot;Canon EOS 400D DIGITAL&quot;,&quot;caption&quot;:&quot;&quot;,&quot;created_timestamp&quot;:&quot;1203199452&quot;,&quot;copyright&quot;:&quot;&quot;,&quot;focal_length&quot;:&quot;50&quot;,&quot;iso&quot;:&quot;100&quot;,&quot;shutter_speed&quot;:&quot;0.000625&quot;,&quot;title&quot;:&quot;&quot;,&quot;orientation&quot;:&quot;1&quot;}\" data-image-title=\"Bild 3\" data-image-description=\"\" data-image-caption=\"&lt;p&gt;Die Segelflugzeug aus der Anfangszeit des Segelfluggel\u00e4nde K\u00f6nigsdorf waren noch aus Holz und einem mit Stoff bespannten Stahlrohrger\u00fcst&lt;\/p&gt;\n\" data-large-file=\"https:\/\/i0.wp.com\/www.akaflieg.vo.tum.de\/wp-content\/uploads\/2020\/03\/Bild-3.jpg?fit=950%2C686&amp;ssl=1\" src=\"https:\/\/i0.wp.com\/www.akaflieg.vo.tum.de\/wp-content\/uploads\/2020\/03\/Bild-3.jpg?resize=950%2C686&#038;ssl=1\" alt=\"\" data-id=\"3869\" data-link=\"https:\/\/www.akaflieg.vo.tum.de\/bild-3\/\" class=\"wp-image-3869\" srcset=\"https:\/\/i0.wp.com\/www.akaflieg.vo.tum.de\/wp-content\/uploads\/2020\/03\/Bild-3.jpg?resize=1024%2C739&amp;ssl=1 1024w, https:\/\/i0.wp.com\/www.akaflieg.vo.tum.de\/wp-content\/uploads\/2020\/03\/Bild-3.jpg?resize=300%2C216&amp;ssl=1 300w, https:\/\/i0.wp.com\/www.akaflieg.vo.tum.de\/wp-content\/uploads\/2020\/03\/Bild-3.jpg?resize=768%2C554&amp;ssl=1 768w, https:\/\/i0.wp.com\/www.akaflieg.vo.tum.de\/wp-content\/uploads\/2020\/03\/Bild-3.jpg?resize=18%2C12&amp;ssl=1 18w, https:\/\/i0.wp.com\/www.akaflieg.vo.tum.de\/wp-content\/uploads\/2020\/03\/Bild-3.jpg?w=1478&amp;ssl=1 1478w\" sizes=\"(max-width: 950px) 100vw, 950px\" \/><figcaption>Die Segelflugzeug aus der Anfangszeit des Segelfluggel\u00e4nde K\u00f6nigsdorf waren noch aus Holz und einem mit Stoff bespannten Stahlrohrger\u00fcst<\/figcaption><\/figure><\/li><li class=\"blocks-gallery-item\"><figure><img data-recalc-dims=\"1\" loading=\"lazy\" decoding=\"async\" width=\"950\" height=\"687\" data-attachment-id=\"3870\" data-permalink=\"http:\/\/www.akaflieg.vo.tum.de\/de\/bild-4\/\" data-orig-file=\"https:\/\/i0.wp.com\/www.akaflieg.vo.tum.de\/wp-content\/uploads\/2020\/03\/Bild-4.jpg?fit=1283%2C929&amp;ssl=1\" data-orig-size=\"1283,929\" data-comments-opened=\"1\" data-image-meta=\"{&quot;aperture&quot;:&quot;22&quot;,&quot;credit&quot;:&quot;&quot;,&quot;camera&quot;:&quot;Canon EOS 400D DIGITAL&quot;,&quot;caption&quot;:&quot;&quot;,&quot;created_timestamp&quot;:&quot;1203199879&quot;,&quot;copyright&quot;:&quot;&quot;,&quot;focal_length&quot;:&quot;50&quot;,&quot;iso&quot;:&quot;400&quot;,&quot;shutter_speed&quot;:&quot;0.005&quot;,&quot;title&quot;:&quot;&quot;,&quot;orientation&quot;:&quot;1&quot;}\" data-image-title=\"Bild 4\" data-image-description=\"\" data-image-caption=\"&lt;p&gt;In die Luft kamen die Segelfugzeuge in den Anf\u00e4ngerjahren des Segelflugzentrum K\u00f6nigsdorf mit einem zur Schleppwinde umgebauten LKW&lt;\/p&gt;\n\" data-large-file=\"https:\/\/i0.wp.com\/www.akaflieg.vo.tum.de\/wp-content\/uploads\/2020\/03\/Bild-4.jpg?fit=950%2C687&amp;ssl=1\" src=\"https:\/\/i0.wp.com\/www.akaflieg.vo.tum.de\/wp-content\/uploads\/2020\/03\/Bild-4.jpg?resize=950%2C687&#038;ssl=1\" alt=\"\" data-id=\"3870\" data-link=\"https:\/\/www.akaflieg.vo.tum.de\/bild-4\/\" class=\"wp-image-3870\" srcset=\"https:\/\/i0.wp.com\/www.akaflieg.vo.tum.de\/wp-content\/uploads\/2020\/03\/Bild-4.jpg?resize=1024%2C741&amp;ssl=1 1024w, https:\/\/i0.wp.com\/www.akaflieg.vo.tum.de\/wp-content\/uploads\/2020\/03\/Bild-4.jpg?resize=300%2C217&amp;ssl=1 300w, https:\/\/i0.wp.com\/www.akaflieg.vo.tum.de\/wp-content\/uploads\/2020\/03\/Bild-4.jpg?resize=768%2C556&amp;ssl=1 768w, https:\/\/i0.wp.com\/www.akaflieg.vo.tum.de\/wp-content\/uploads\/2020\/03\/Bild-4.jpg?resize=18%2C12&amp;ssl=1 18w, https:\/\/i0.wp.com\/www.akaflieg.vo.tum.de\/wp-content\/uploads\/2020\/03\/Bild-4.jpg?w=1283&amp;ssl=1 1283w\" sizes=\"(max-width: 950px) 100vw, 950px\" \/><figcaption>In die Luft kamen die Segelfugzeuge in den Anf\u00e4ngerjahren des Segelflugzentrum K\u00f6nigsdorf mit einem zur Schleppwinde umgebauten LKW<\/figcaption><\/figure><\/li><\/ul>\n\n\n\n<p>Im Fr\u00fchjahr 1960 hielt der 1. Vorsitzende der Segelfluggruppe Isartal Fritz Kraatz die Genehmigung des Bayerischen Staatsministeriums f\u00fcr Wirtschaft und Verkehr dann endlich in H\u00e4nden, befristet auf ein Jahr. Die Genehmigung musste anfangs j\u00e4hrlich verl\u00e4ngert werden, weil eine Autobahnverbindung Salzburg \u2013 Kempten geplant war und diese eventuell durch das K\u00f6nigsdorfer Moor gehen sollte. Auf vergilbten Karten in den Amtsstuben des Landratsamtes ist sie noch eingezeichnet.<\/p>\n\n\n\n<p>Vor 60 Jahren konnte im ersten Jahr wegen N\u00e4sse nur an vier Tagen geflogen werden. Am Standplatz der Winde in Richtung Westen am Waldrand stand das Moorwasser kn\u00f6cheltief. 1961 gab es dann sechs Flugtage und 1962 fiel der Flugbetrieb buchst\u00e4blich ganz ins Wasser. Am 18. Oktober 1969 erfolgte die feierliche Einweihung des Segelfluggel\u00e4ndes K\u00f6nigsdorf mit Segnung der Flugzeuge und einem Fest in der Halle.<\/p>\n\n\n\n<p>Die Erfolgsgeschichte, die das Segelflugzentrum K\u00f6nigsdorf\ndie letzten 60 Jahre gezeigt hat, ist beeindruckend. Heute ist es einer der\nbekanntesten und sportlich erfolgreichsten Segelflugpl\u00e4tze weltweit. Die gute\nZusammenarbeit mit den umliegenden Gemeinden und St\u00e4dten, sowie die Akzeptanz\nin der Bev\u00f6lkerung wird seit sehr vielen Jahren mit dem Sommerfest gefeiert,\nwelches dieses Jahr am 12. und 13. September stattfinden wird.<\/p>\n\n\n\n<p>(Autor: Mathias Schunk)<\/p>\n","protected":false},"excerpt":{"rendered":"<p>\u00a0Das Segelflugzentrum K\u00f6nigsdorf &#8211; eine Erfolgsgeschichte seit nunmehr 60 Jahren. Der Winter meint es dieses Jahr mit den Piloten am Segelflugzentrum gut. W\u00e4hrend letztes Jahr um diese Zeit nicht nur die Segelflieger ihre Hallend\u00e4cher gerade erst von den immensen Schneemassen befreit hatten, konnten dieses Jahr am K\u00f6nigsdorfer Segelflugzentrum bereits einige Starts gemacht werden, wobei dabei &hellip; <\/p>\n<p class=\"link-more\"><a href=\"http:\/\/www.akaflieg.vo.tum.de\/de\/3874-2\/\" class=\"more-link\">Mehr <span class=\"screen-reader-text\">\u00fcber &#8222;60 Jahre SFZ K\u00f6nigsdorf&#8220; <\/span>Lesen<\/a><\/p>\n","protected":false},"author":48,"featured_media":0,"comment_status":"open","ping_status":"open","sticky":false,"template":"","format":"standard","meta":{"_jetpack_memberships_contains_paid_content":false,"footnotes":""},"categories":[30],"tags":[],"class_list":["post-3874","post","type-post","status-publish","format-standard","hentry","category-allgemein"],"jetpack_featured_media_url":"","jetpack_sharing_enabled":true,"featured_media_urls":[],"_links":{"self":[{"href":"http:\/\/www.akaflieg.vo.tum.de\/de\/wp-json\/wp\/v2\/posts\/3874","targetHints":{"allow":["GET"]}}],"collection":[{"href":"http:\/\/www.akaflieg.vo.tum.de\/de\/wp-json\/wp\/v2\/posts"}],"about":[{"href":"http:\/\/www.akaflieg.vo.tum.de\/de\/wp-json\/wp\/v2\/types\/post"}],"author":[{"embeddable":true,"href":"http:\/\/www.akaflieg.vo.tum.de\/de\/wp-json\/wp\/v2\/users\/48"}],"replies":[{"embeddable":true,"href":"http:\/\/www.akaflieg.vo.tum.de\/de\/wp-json\/wp\/v2\/comments?post=3874"}],"version-history":[{"count":4,"href":"http:\/\/www.akaflieg.vo.tum.de\/de\/wp-json\/wp\/v2\/posts\/3874\/revisions"}],"predecessor-version":[{"id":3878,"href":"http:\/\/www.akaflieg.vo.tum.de\/de\/wp-json\/wp\/v2\/posts\/3874\/revisions\/3878"}],"wp:attachment":[{"href":"http:\/\/www.akaflieg.vo.tum.de\/de\/wp-json\/wp\/v2\/media?parent=3874"}],"wp:term":[{"taxonomy":"category","embeddable":true,"href":"http:\/\/www.akaflieg.vo.tum.de\/de\/wp-json\/wp\/v2\/categories?post=3874"},{"taxonomy":"post_tag","embeddable":true,"href":"http:\/\/www.akaflieg.vo.tum.de\/de\/wp-json\/wp\/v2\/tags?post=3874"}],"curies":[{"name":"wp","href":"https:\/\/api.w.org\/{rel}","templated":true}]}}