{"id":3638,"date":"2019-07-24T22:48:10","date_gmt":"2019-07-24T20:48:10","guid":{"rendered":"http:\/\/www.akaflieg.vo.tum.de\/?p=3638"},"modified":"2019-07-24T22:48:11","modified_gmt":"2019-07-24T20:48:11","slug":"neue-scheinpiloten-in-der-jg","status":"publish","type":"post","link":"http:\/\/www.akaflieg.vo.tum.de\/de\/neue-scheinpiloten-in-der-jg\/","title":{"rendered":"Neue Scheinpiloten in der JG"},"content":{"rendered":"\n<figure class=\"wp-block-image\"><img fetchpriority=\"high\" decoding=\"async\" width=\"1600\" height=\"1200\" data-attachment-id=\"3639\" data-permalink=\"http:\/\/www.akaflieg.vo.tum.de\/de\/neue-scheinpiloten-in-der-jg\/scheinpiloten-1\/\" data-orig-file=\"https:\/\/i0.wp.com\/www.akaflieg.vo.tum.de\/wp-content\/uploads\/2019\/07\/Scheinpiloten-1.jpeg?fit=1600%2C1200&amp;ssl=1\" data-orig-size=\"1600,1200\" data-comments-opened=\"1\" data-image-meta=\"{&quot;aperture&quot;:&quot;0&quot;,&quot;credit&quot;:&quot;&quot;,&quot;camera&quot;:&quot;&quot;,&quot;caption&quot;:&quot;&quot;,&quot;created_timestamp&quot;:&quot;0&quot;,&quot;copyright&quot;:&quot;&quot;,&quot;focal_length&quot;:&quot;0&quot;,&quot;iso&quot;:&quot;0&quot;,&quot;shutter_speed&quot;:&quot;0&quot;,&quot;title&quot;:&quot;&quot;,&quot;orientation&quot;:&quot;0&quot;}\" data-image-title=\"Scheinpiloten-1\" data-image-description=\"\" data-image-caption=\"\" data-large-file=\"https:\/\/i0.wp.com\/www.akaflieg.vo.tum.de\/wp-content\/uploads\/2019\/07\/Scheinpiloten-1.jpeg?fit=950%2C713&amp;ssl=1\" src=\"https:\/\/i1.wp.com\/www.akaflieg.vo.tum.de\/wp-content\/uploads\/2019\/07\/Scheinpiloten-1.jpeg?fit=1024%2C768\" alt=\"\" class=\"wp-image-3639\" srcset=\"https:\/\/i0.wp.com\/www.akaflieg.vo.tum.de\/wp-content\/uploads\/2019\/07\/Scheinpiloten-1.jpeg?w=1600&amp;ssl=1 1600w, https:\/\/i0.wp.com\/www.akaflieg.vo.tum.de\/wp-content\/uploads\/2019\/07\/Scheinpiloten-1.jpeg?resize=300%2C225&amp;ssl=1 300w, https:\/\/i0.wp.com\/www.akaflieg.vo.tum.de\/wp-content\/uploads\/2019\/07\/Scheinpiloten-1.jpeg?resize=768%2C576&amp;ssl=1 768w, https:\/\/i0.wp.com\/www.akaflieg.vo.tum.de\/wp-content\/uploads\/2019\/07\/Scheinpiloten-1.jpeg?resize=1024%2C768&amp;ssl=1 1024w\" sizes=\"(max-width: 950px) 100vw, 950px\" \/><\/figure>\n\n\n\n<p>Mit Bestehen der Segelflugpr\u00fcfung hat die Akaflieg M\u00fcnchen nun zwei neue Scheinpiloten in der jungen Gruppe. Vergangenen Samstag haben Anna-Julia &#8222;21&#8220; Imbsweiler und Florian &#8222;Staller&#8220; Kloiber in der Flugwerft in Schleissheim die Pr\u00fcfung zum Segelflugzeugf\u00fchrer bestanden. Das Bestehen der Pr\u00fcfung ist nicht nur in Anbetracht der hei\u00dfen Temperaturen eine Leistung, denn beide haben ihre Ausbildung erst in der vergangenen Saison begonnen. Wir gratulieren zum Schein und w\u00fcnschen allzeit happy landings!<\/p>\n\n\n\n<p><\/p>\n","protected":false},"excerpt":{"rendered":"<p>Mit Bestehen der Segelflugpr\u00fcfung hat die Akaflieg M\u00fcnchen nun zwei neue Scheinpiloten in der jungen Gruppe. Vergangenen Samstag haben Anna-Julia &#8222;21&#8220; Imbsweiler und Florian &#8222;Staller&#8220; Kloiber in der Flugwerft in Schleissheim die Pr\u00fcfung zum Segelflugzeugf\u00fchrer bestanden. Das Bestehen der Pr\u00fcfung ist nicht nur in Anbetracht der hei\u00dfen Temperaturen eine Leistung, denn beide haben ihre Ausbildung &hellip; <\/p>\n<p class=\"link-more\"><a href=\"http:\/\/www.akaflieg.vo.tum.de\/de\/neue-scheinpiloten-in-der-jg\/\" class=\"more-link\">Mehr <span class=\"screen-reader-text\">\u00fcber &#8222;Neue Scheinpiloten in der JG&#8220; <\/span>Lesen<\/a><\/p>\n","protected":false},"author":6,"featured_media":0,"comment_status":"open","ping_status":"open","sticky":false,"template":"","format":"standard","meta":{"_jetpack_memberships_contains_paid_content":false,"footnotes":""},"categories":[30],"tags":[],"class_list":["post-3638","post","type-post","status-publish","format-standard","hentry","category-allgemein"],"jetpack_featured_media_url":"","jetpack_sharing_enabled":true,"featured_media_urls":[],"_links":{"self":[{"href":"http:\/\/www.akaflieg.vo.tum.de\/de\/wp-json\/wp\/v2\/posts\/3638","targetHints":{"allow":["GET"]}}],"collection":[{"href":"http:\/\/www.akaflieg.vo.tum.de\/de\/wp-json\/wp\/v2\/posts"}],"about":[{"href":"http:\/\/www.akaflieg.vo.tum.de\/de\/wp-json\/wp\/v2\/types\/post"}],"author":[{"embeddable":true,"href":"http:\/\/www.akaflieg.vo.tum.de\/de\/wp-json\/wp\/v2\/users\/6"}],"replies":[{"embeddable":true,"href":"http:\/\/www.akaflieg.vo.tum.de\/de\/wp-json\/wp\/v2\/comments?post=3638"}],"version-history":[{"count":1,"href":"http:\/\/www.akaflieg.vo.tum.de\/de\/wp-json\/wp\/v2\/posts\/3638\/revisions"}],"predecessor-version":[{"id":3640,"href":"http:\/\/www.akaflieg.vo.tum.de\/de\/wp-json\/wp\/v2\/posts\/3638\/revisions\/3640"}],"wp:attachment":[{"href":"http:\/\/www.akaflieg.vo.tum.de\/de\/wp-json\/wp\/v2\/media?parent=3638"}],"wp:term":[{"taxonomy":"category","embeddable":true,"href":"http:\/\/www.akaflieg.vo.tum.de\/de\/wp-json\/wp\/v2\/categories?post=3638"},{"taxonomy":"post_tag","embeddable":true,"href":"http:\/\/www.akaflieg.vo.tum.de\/de\/wp-json\/wp\/v2\/tags?post=3638"}],"curies":[{"name":"wp","href":"https:\/\/api.w.org\/{rel}","templated":true}]}}